{"id":526,"date":"2020-06-15T13:53:58","date_gmt":"2020-06-15T13:53:58","guid":{"rendered":"http:\/\/guimaraesemeireles.com.br\/WP\/?p=456"},"modified":"2020-06-15T13:53:58","modified_gmt":"2020-06-15T13:53:58","slug":"socias-de-guimaraes-e-meireles-publicam-em-revista-especializada","status":"publish","type":"post","link":"http:\/\/guimaraesemeireles.com.br\/2020\/2020\/06\/15\/socias-de-guimaraes-e-meireles-publicam-em-revista-especializada\/","title":{"rendered":"S\u00f3cias de Guimar\u00e3es e Meireles Publicam em Revista Especializada"},"content":{"rendered":"<p>Guimar\u00e3es e Meireles Advogados Associados publicou, atrav\u00e9s de suas s\u00f3cias Ana Cristina Costa Meireles e Ana Cl\u00e1udia Guimar\u00e3es Vitari, com a colabora\u00e7\u00e3o da s\u00f3cia Priscila Vasconcelos, o artigo Medida Provis\u00f3ria 927\/2020: Inova\u00e7\u00f5es em Aspectos Trabalhistas, na edi\u00e7\u00e3o de Junho de 2020 da Revista dos Tribunais, Vol. 1016\/2020, p. 281 \u2013 298.<\/p>\n<p>O mencionado artigo tratou das inova\u00e7\u00f5es trazidas pela Medida Provis\u00f3ria n\u00ba 927\/2020 em rela\u00e7\u00e3o \u00e0s medidas que podem ser adotadas pelos Empregadores durante a Pandemia do COVID-19.<\/p>\n<p>Entre as mat\u00e9rias tratadas, encontram-se o regime de teletrabalho, antecipa\u00e7\u00e3o de f\u00e9rias individuais, concess\u00e3o de f\u00e9rias coletivas, aproveitamento e antecipa\u00e7\u00e3o de feriados, ado\u00e7\u00e3o de banco de horas, peculiaridades relacionadas \u00e0s normas de seguran\u00e7a e medicina do trabalho, prorroga\u00e7\u00e3o de acordos e conven\u00e7\u00f5es coletivas, entre outras objeto da Medida Provis\u00f3ria mencionada.<\/p>\n<p>Tratou-se, ainda, da an\u00e1lise acerca do reconhecimento do estado de calamidade p\u00fablica como\u00a0 hip\u00f3tese de for\u00e7a maior e suas poss\u00edveis consequ\u00eancias no que diz respeito \u00e0 despedida de empregados e redu\u00e7\u00e3o salarial.<\/p>\n<p>Confira a \u00edntegra do artigo publicado na Revista dos Tribunais ou <a href=\"https:\/\/www.academia.edu\/43327408\/Medida_Provis%C3%B3ria_927_20_inova%C3%A7%C3%B5es_em_aspectos_trabalhistas\">clique aqui para acess\u00e1-lo<\/a>.<\/p>\n<p>&nbsp;<\/p>\n","protected":false},"excerpt":{"rendered":"<p>Guimar\u00e3es e Meireles Advogados Associados publicou, atrav\u00e9s de suas s\u00f3cias Ana Cristina Costa Meireles e Ana Cl\u00e1udia Guimar\u00e3es Vitari, com a colabora\u00e7\u00e3o da s\u00f3cia Priscila Vasconcelos, o artigo Medida Provis\u00f3ria 927\/2020: Inova\u00e7\u00f5es em Aspectos Trabalhistas, na edi\u00e7\u00e3o de Junho de 2020 da Revista dos Tribunais, Vol. 1016\/2020, p. 281 \u2013 298. O mencionado artigo tratou\u2026 <a href=\"http:\/\/guimaraesemeireles.com.br\/2020\/2020\/06\/15\/socias-de-guimaraes-e-meireles-publicam-em-revista-especializada\/\">Leia mais<\/a><\/p>\n","protected":false},"author":1,"featured_media":0,"comment_status":"open","ping_status":"open","sticky":false,"template":"","format":"standard","meta":[],"categories":[1],"tags":[],"_links":{"self":[{"href":"http:\/\/guimaraesemeireles.com.br\/2020\/wp-json\/wp\/v2\/posts\/526"}],"collection":[{"href":"http:\/\/guimaraesemeireles.com.br\/2020\/wp-json\/wp\/v2\/posts"}],"about":[{"href":"http:\/\/guimaraesemeireles.com.br\/2020\/wp-json\/wp\/v2\/types\/post"}],"author":[{"embeddable":true,"href":"http:\/\/guimaraesemeireles.com.br\/2020\/wp-json\/wp\/v2\/users\/1"}],"replies":[{"embeddable":true,"href":"http:\/\/guimaraesemeireles.com.br\/2020\/wp-json\/wp\/v2\/comments?post=526"}],"version-history":[{"count":0,"href":"http:\/\/guimaraesemeireles.com.br\/2020\/wp-json\/wp\/v2\/posts\/526\/revisions"}],"wp:attachment":[{"href":"http:\/\/guimaraesemeireles.com.br\/2020\/wp-json\/wp\/v2\/media?parent=526"}],"wp:term":[{"taxonomy":"category","embeddable":true,"href":"http:\/\/guimaraesemeireles.com.br\/2020\/wp-json\/wp\/v2\/categories?post=526"},{"taxonomy":"post_tag","embeddable":true,"href":"http:\/\/guimaraesemeireles.com.br\/2020\/wp-json\/wp\/v2\/tags?post=526"}],"curies":[{"name":"wp","href":"https:\/\/api.w.org\/{rel}","templated":true}]}}