{"id":501,"date":"2017-10-20T18:41:18","date_gmt":"2017-10-20T18:41:18","guid":{"rendered":"http:\/\/guimaraesemeireles.com.br\/WP\/?p=323"},"modified":"2017-10-20T18:41:18","modified_gmt":"2017-10-20T18:41:18","slug":"guimaraes-e-meireles-participa-de-seminario-sobre-seguranca-do-trabalho-no-setor-da-mineracao","status":"publish","type":"post","link":"http:\/\/guimaraesemeireles.com.br\/2020\/2017\/10\/20\/guimaraes-e-meireles-participa-de-seminario-sobre-seguranca-do-trabalho-no-setor-da-mineracao\/","title":{"rendered":"Guimar\u00e3es e Meireles participa de Semin\u00e1rio sobre Seguran\u00e7a do Trabalho no Setor da Minera\u00e7\u00e3o"},"content":{"rendered":"<p>Guimar\u00e3es e Meireles participou, no dia 10\/10\/2017, do semin\u00e1rio\u00a0<strong>Sa\u00fade e Seguran\u00e7a do Trabalho no Setor de Minera\u00e7\u00e3o<\/strong>\u00a0promovido pelo Sindicato das Ind\u00fastrias Extrativas de Minerais Met\u00e1licos, Metais Nobres e Preciosos, Pedras Preciosas e Semipreciosas e Magnesita no Estado da Bahia (SINDIMIBA) e pelo Servi\u00e7o Social da Ind\u00fastria (SESI).<\/p>\n<p>Durante o Semin\u00e1rio, foram apresentados cases de projetos bem sucedidos de gest\u00e3o em Sa\u00fade e Seguran\u00e7a do Trabalho que reduziram o n\u00famero de acidentes de trabalhadores com afastamento. &#8220;<strong><em>As quest\u00f5es relacionadas \u00e0 sa\u00fade e seguran\u00e7a do trabalho s\u00e3o importantes para a preven\u00e7\u00e3o, a fim de combater doen\u00e7as e acidentes relacionados a atividades profissionais<\/em><\/strong>&#8220;, comenta Lucas Pacheco de Miranda, advogado da Guimar\u00e3es e Meireles.<\/p>\n","protected":false},"excerpt":{"rendered":"<p>Guimar\u00e3es e Meireles participou, no dia 10\/10\/2017, do semin\u00e1rio\u00a0Sa\u00fade e Seguran\u00e7a do Trabalho no Setor de Minera\u00e7\u00e3o\u00a0promovido pelo Sindicato das Ind\u00fastrias Extrativas de Minerais Met\u00e1licos, Metais Nobres e Preciosos, Pedras Preciosas e Semipreciosas e Magnesita no Estado da Bahia (SINDIMIBA) e pelo Servi\u00e7o Social da Ind\u00fastria (SESI). Durante o Semin\u00e1rio, foram apresentados cases de projetos\u2026 <a href=\"http:\/\/guimaraesemeireles.com.br\/2020\/2017\/10\/20\/guimaraes-e-meireles-participa-de-seminario-sobre-seguranca-do-trabalho-no-setor-da-mineracao\/\">Leia mais<\/a><\/p>\n","protected":false},"author":1,"featured_media":0,"comment_status":"open","ping_status":"open","sticky":false,"template":"","format":"standard","meta":[],"categories":[1],"tags":[],"_links":{"self":[{"href":"http:\/\/guimaraesemeireles.com.br\/2020\/wp-json\/wp\/v2\/posts\/501"}],"collection":[{"href":"http:\/\/guimaraesemeireles.com.br\/2020\/wp-json\/wp\/v2\/posts"}],"about":[{"href":"http:\/\/guimaraesemeireles.com.br\/2020\/wp-json\/wp\/v2\/types\/post"}],"author":[{"embeddable":true,"href":"http:\/\/guimaraesemeireles.com.br\/2020\/wp-json\/wp\/v2\/users\/1"}],"replies":[{"embeddable":true,"href":"http:\/\/guimaraesemeireles.com.br\/2020\/wp-json\/wp\/v2\/comments?post=501"}],"version-history":[{"count":0,"href":"http:\/\/guimaraesemeireles.com.br\/2020\/wp-json\/wp\/v2\/posts\/501\/revisions"}],"wp:attachment":[{"href":"http:\/\/guimaraesemeireles.com.br\/2020\/wp-json\/wp\/v2\/media?parent=501"}],"wp:term":[{"taxonomy":"category","embeddable":true,"href":"http:\/\/guimaraesemeireles.com.br\/2020\/wp-json\/wp\/v2\/categories?post=501"},{"taxonomy":"post_tag","embeddable":true,"href":"http:\/\/guimaraesemeireles.com.br\/2020\/wp-json\/wp\/v2\/tags?post=501"}],"curies":[{"name":"wp","href":"https:\/\/api.w.org\/{rel}","templated":true}]}}